{"id":1429,"date":"2018-04-09T09:09:06","date_gmt":"2018-04-09T08:09:06","guid":{"rendered":"https:\/\/escuelademusicaydanza.laorotava.es\/blog\/?p=1429"},"modified":"2018-04-09T11:23:12","modified_gmt":"2018-04-09T10:23:12","slug":"1429-2","status":"publish","type":"post","link":"https:\/\/escuelademusicaydanza.laorotava.es\/blog\/1429-2\/","title":{"rendered":"Audici\u00f3n de BSO de Violonchelo y Contrabajo"},"content":{"rendered":"<p>Ma\u00f1ana, martes 10 a las 19:00 horas, en el Sal\u00f3n de Actos de la Escuela de M\u00fasica y Danza \u00abVilla de la Orotava\u00bb tendr\u00e1 lugar un concierto de bandas sonoras del Aula de Violonchelo y Contrabajo. \u00a1Est\u00e1n todos invitados!<\/p>\n<iframe loading=\"lazy\" class=\"pdfjs-viewer\" width=\"600px\" height=\"849px\" src=\"https:\/\/escuelademusicaydanza.laorotava.es\/blog\/wp-content\/plugins\/pdf-viewer\/stable\/web\/viewer.html?file=https:\/\/escuelademusicaydanza.laorotava.es\/blog\/wp-content\/uploads\/2018\/04\/cartel-concierto-10-abril.pdf\"><\/iframe> \n","protected":false},"excerpt":{"rendered":"<p>Ma\u00f1ana, martes 10 a las 19:00 horas, en el Sal\u00f3n de Actos de la Escuela de M\u00fasica y Danza \u00abVilla de la Orotava\u00bb tendr\u00e1 lugar un concierto de bandas sonoras del Aula de Violonchelo y Contrabajo. \u00a1Est\u00e1n todos invitados!<\/p>\n","protected":false},"author":1,"featured_media":0,"comment_status":"open","ping_status":"open","sticky":false,"template":"","format":"standard","meta":{"jetpack_post_was_ever_published":false,"_jetpack_newsletter_access":"","_jetpack_dont_email_post_to_subs":false,"_jetpack_newsletter_tier_id":0,"_jetpack_memberships_contains_paywalled_content":false,"_jetpack_memberships_contains_paid_content":false,"footnotes":"","jetpack_publicize_message":"","jetpack_publicize_feature_enabled":true,"jetpack_social_post_already_shared":true,"jetpack_social_options":{"image_generator_settings":{"template":"highway","default_image_id":0,"font":"","enabled":false},"version":2}},"categories":[15,23],"tags":[],"class_list":["post-1429","post","type-post","status-publish","format-standard","hentry","category-actualidad","category-cuerda"],"jetpack_publicize_connections":[],"jetpack_featured_media_url":"","jetpack_sharing_enabled":true,"jetpack_likes_enabled":true,"jetpack-related-posts":[],"_links":{"self":[{"href":"https:\/\/escuelademusicaydanza.laorotava.es\/blog\/wp-json\/wp\/v2\/posts\/1429","targetHints":{"allow":["GET"]}}],"collection":[{"href":"https:\/\/escuelademusicaydanza.laorotava.es\/blog\/wp-json\/wp\/v2\/posts"}],"about":[{"href":"https:\/\/escuelademusicaydanza.laorotava.es\/blog\/wp-json\/wp\/v2\/types\/post"}],"author":[{"embeddable":true,"href":"https:\/\/escuelademusicaydanza.laorotava.es\/blog\/wp-json\/wp\/v2\/users\/1"}],"replies":[{"embeddable":true,"href":"https:\/\/escuelademusicaydanza.laorotava.es\/blog\/wp-json\/wp\/v2\/comments?post=1429"}],"version-history":[{"count":4,"href":"https:\/\/escuelademusicaydanza.laorotava.es\/blog\/wp-json\/wp\/v2\/posts\/1429\/revisions"}],"predecessor-version":[{"id":1443,"href":"https:\/\/escuelademusicaydanza.laorotava.es\/blog\/wp-json\/wp\/v2\/posts\/1429\/revisions\/1443"}],"wp:attachment":[{"href":"https:\/\/escuelademusicaydanza.laorotava.es\/blog\/wp-json\/wp\/v2\/media?parent=1429"}],"wp:term":[{"taxonomy":"category","embeddable":true,"href":"https:\/\/escuelademusicaydanza.laorotava.es\/blog\/wp-json\/wp\/v2\/categories?post=1429"},{"taxonomy":"post_tag","embeddable":true,"href":"https:\/\/escuelademusicaydanza.laorotava.es\/blog\/wp-json\/wp\/v2\/tags?post=1429"}],"curies":[{"name":"wp","href":"https:\/\/api.w.org\/{rel}","templated":true}]}}