{"id":2997,"date":"2021-12-22T09:24:07","date_gmt":"2021-12-22T09:24:07","guid":{"rendered":"https:\/\/escuelademusicaydanza.laorotava.es\/blog\/?p=2997"},"modified":"2021-12-22T09:24:08","modified_gmt":"2021-12-22T09:24:08","slug":"alumnado-del-coro-infantil-de-primera-etapa-actua-en-el-portal-de-belen-municipal","status":"publish","type":"post","link":"http:\/\/escuelademusicaydanza.laorotava.es\/blog\/alumnado-del-coro-infantil-de-primera-etapa-actua-en-el-portal-de-belen-municipal\/","title":{"rendered":"ALUMNADO DEL CORO INFANTIL DE PRIMERA ETAPA ACTUA EN EL PORTAL DE BEL\u00c9N MUNICIPAL"},"content":{"rendered":"\n<p>El alumnado de la Escuela Municipal de M\u00fasica y Danza Villa de La Orotava actu\u00f3 en el Portal de Bel\u00e9n Municipal, el lunes 20 de diciembre, ofreciendo un repertorio en el que se incluyeron varias canciones navide\u00f1as.<\/p>\n<p><img loading=\"lazy\" decoding=\"async\" data-attachment-id=\"3014\" data-permalink=\"http:\/\/escuelademusicaydanza.laorotava.es\/blog\/alumnado-del-coro-infantil-de-primera-etapa-actua-en-el-portal-de-belen-municipal\/fhiypgmx0ait3gk\/\" data-orig-file=\"http:\/\/escuelademusicaydanza.laorotava.es\/blog\/wp-content\/uploads\/2021\/12\/fhiypgmx0ait3gk.jpeg\" data-orig-size=\"1599,1066\" data-comments-opened=\"1\" data-image-meta=\"{&quot;aperture&quot;:&quot;0&quot;,&quot;credit&quot;:&quot;&quot;,&quot;camera&quot;:&quot;&quot;,&quot;caption&quot;:&quot;&quot;,&quot;created_timestamp&quot;:&quot;0&quot;,&quot;copyright&quot;:&quot;&quot;,&quot;focal_length&quot;:&quot;0&quot;,&quot;iso&quot;:&quot;0&quot;,&quot;shutter_speed&quot;:&quot;0&quot;,&quot;title&quot;:&quot;&quot;,&quot;orientation&quot;:&quot;0&quot;}\" data-image-title=\"FHIYPgmX0AIt3gK\" data-image-description=\"\" data-image-caption=\"\" data-medium-file=\"http:\/\/escuelademusicaydanza.laorotava.es\/blog\/wp-content\/uploads\/2021\/12\/fhiypgmx0ait3gk-300x200.jpeg\" data-large-file=\"http:\/\/escuelademusicaydanza.laorotava.es\/blog\/wp-content\/uploads\/2021\/12\/fhiypgmx0ait3gk-1024x683.jpeg\" class=\"alignnone size-medium wp-image-3014\" src=\"https:\/\/escuelademusicaydanza.laorotava.es\/blog\/wp-content\/uploads\/2021\/12\/fhiypgmx0ait3gk-300x200.jpeg\" alt=\"\" width=\"300\" height=\"200\" srcset=\"http:\/\/escuelademusicaydanza.laorotava.es\/blog\/wp-content\/uploads\/2021\/12\/fhiypgmx0ait3gk-300x200.jpeg 300w, http:\/\/escuelademusicaydanza.laorotava.es\/blog\/wp-content\/uploads\/2021\/12\/fhiypgmx0ait3gk-1024x683.jpeg 1024w, http:\/\/escuelademusicaydanza.laorotava.es\/blog\/wp-content\/uploads\/2021\/12\/fhiypgmx0ait3gk-768x512.jpeg 768w, http:\/\/escuelademusicaydanza.laorotava.es\/blog\/wp-content\/uploads\/2021\/12\/fhiypgmx0ait3gk-1536x1024.jpeg 1536w, http:\/\/escuelademusicaydanza.laorotava.es\/blog\/wp-content\/uploads\/2021\/12\/fhiypgmx0ait3gk-772x515.jpeg 772w, http:\/\/escuelademusicaydanza.laorotava.es\/blog\/wp-content\/uploads\/2021\/12\/fhiypgmx0ait3gk-624x416.jpeg 624w, http:\/\/escuelademusicaydanza.laorotava.es\/blog\/wp-content\/uploads\/2021\/12\/fhiypgmx0ait3gk.jpeg 1599w\" sizes=\"auto, (max-width: 300px) 100vw, 300px\" \/> <img loading=\"lazy\" decoding=\"async\" data-attachment-id=\"3013\" data-permalink=\"http:\/\/escuelademusicaydanza.laorotava.es\/blog\/alumnado-del-coro-infantil-de-primera-etapa-actua-en-el-portal-de-belen-municipal\/fhiypglxeauibyv\/\" data-orig-file=\"http:\/\/escuelademusicaydanza.laorotava.es\/blog\/wp-content\/uploads\/2021\/12\/fhiypglxeauibyv.jpeg\" data-orig-size=\"1599,1066\" data-comments-opened=\"1\" data-image-meta=\"{&quot;aperture&quot;:&quot;0&quot;,&quot;credit&quot;:&quot;&quot;,&quot;camera&quot;:&quot;&quot;,&quot;caption&quot;:&quot;&quot;,&quot;created_timestamp&quot;:&quot;0&quot;,&quot;copyright&quot;:&quot;&quot;,&quot;focal_length&quot;:&quot;0&quot;,&quot;iso&quot;:&quot;0&quot;,&quot;shutter_speed&quot;:&quot;0&quot;,&quot;title&quot;:&quot;&quot;,&quot;orientation&quot;:&quot;0&quot;}\" data-image-title=\"FHIYPglXEAUibyV\" data-image-description=\"\" data-image-caption=\"\" data-medium-file=\"http:\/\/escuelademusicaydanza.laorotava.es\/blog\/wp-content\/uploads\/2021\/12\/fhiypglxeauibyv-300x200.jpeg\" data-large-file=\"http:\/\/escuelademusicaydanza.laorotava.es\/blog\/wp-content\/uploads\/2021\/12\/fhiypglxeauibyv-1024x683.jpeg\" class=\"size-medium wp-image-3013 alignright\" src=\"https:\/\/escuelademusicaydanza.laorotava.es\/blog\/wp-content\/uploads\/2021\/12\/fhiypglxeauibyv-300x200.jpeg\" alt=\"\" width=\"300\" height=\"200\" srcset=\"http:\/\/escuelademusicaydanza.laorotava.es\/blog\/wp-content\/uploads\/2021\/12\/fhiypglxeauibyv-300x200.jpeg 300w, http:\/\/escuelademusicaydanza.laorotava.es\/blog\/wp-content\/uploads\/2021\/12\/fhiypglxeauibyv-1024x683.jpeg 1024w, http:\/\/escuelademusicaydanza.laorotava.es\/blog\/wp-content\/uploads\/2021\/12\/fhiypglxeauibyv-768x512.jpeg 768w, http:\/\/escuelademusicaydanza.laorotava.es\/blog\/wp-content\/uploads\/2021\/12\/fhiypglxeauibyv-1536x1024.jpeg 1536w, http:\/\/escuelademusicaydanza.laorotava.es\/blog\/wp-content\/uploads\/2021\/12\/fhiypglxeauibyv-772x515.jpeg 772w, http:\/\/escuelademusicaydanza.laorotava.es\/blog\/wp-content\/uploads\/2021\/12\/fhiypglxeauibyv-624x416.jpeg 624w, http:\/\/escuelademusicaydanza.laorotava.es\/blog\/wp-content\/uploads\/2021\/12\/fhiypglxeauibyv.jpeg 1599w\" sizes=\"auto, (max-width: 300px) 100vw, 300px\" \/> <img loading=\"lazy\" decoding=\"async\" data-attachment-id=\"3012\" data-permalink=\"http:\/\/escuelademusicaydanza.laorotava.es\/blog\/alumnado-del-coro-infantil-de-primera-etapa-actua-en-el-portal-de-belen-municipal\/fhiypgkxeamf4eq\/\" data-orig-file=\"http:\/\/escuelademusicaydanza.laorotava.es\/blog\/wp-content\/uploads\/2021\/12\/fhiypgkxeamf4eq.jpeg\" data-orig-size=\"1599,1066\" data-comments-opened=\"1\" data-image-meta=\"{&quot;aperture&quot;:&quot;0&quot;,&quot;credit&quot;:&quot;&quot;,&quot;camera&quot;:&quot;&quot;,&quot;caption&quot;:&quot;&quot;,&quot;created_timestamp&quot;:&quot;0&quot;,&quot;copyright&quot;:&quot;&quot;,&quot;focal_length&quot;:&quot;0&quot;,&quot;iso&quot;:&quot;0&quot;,&quot;shutter_speed&quot;:&quot;0&quot;,&quot;title&quot;:&quot;&quot;,&quot;orientation&quot;:&quot;0&quot;}\" data-image-title=\"FHIYPgkXEAMf4Eq\" data-image-description=\"\" data-image-caption=\"\" data-medium-file=\"http:\/\/escuelademusicaydanza.laorotava.es\/blog\/wp-content\/uploads\/2021\/12\/fhiypgkxeamf4eq-300x200.jpeg\" data-large-file=\"http:\/\/escuelademusicaydanza.laorotava.es\/blog\/wp-content\/uploads\/2021\/12\/fhiypgkxeamf4eq-1024x683.jpeg\" class=\"size-medium wp-image-3012 aligncenter\" src=\"https:\/\/escuelademusicaydanza.laorotava.es\/blog\/wp-content\/uploads\/2021\/12\/fhiypgkxeamf4eq-300x200.jpeg\" alt=\"\" width=\"300\" height=\"200\" srcset=\"http:\/\/escuelademusicaydanza.laorotava.es\/blog\/wp-content\/uploads\/2021\/12\/fhiypgkxeamf4eq-300x200.jpeg 300w, http:\/\/escuelademusicaydanza.laorotava.es\/blog\/wp-content\/uploads\/2021\/12\/fhiypgkxeamf4eq-1024x683.jpeg 1024w, http:\/\/escuelademusicaydanza.laorotava.es\/blog\/wp-content\/uploads\/2021\/12\/fhiypgkxeamf4eq-768x512.jpeg 768w, http:\/\/escuelademusicaydanza.laorotava.es\/blog\/wp-content\/uploads\/2021\/12\/fhiypgkxeamf4eq-1536x1024.jpeg 1536w, http:\/\/escuelademusicaydanza.laorotava.es\/blog\/wp-content\/uploads\/2021\/12\/fhiypgkxeamf4eq-772x515.jpeg 772w, http:\/\/escuelademusicaydanza.laorotava.es\/blog\/wp-content\/uploads\/2021\/12\/fhiypgkxeamf4eq-624x416.jpeg 624w, http:\/\/escuelademusicaydanza.laorotava.es\/blog\/wp-content\/uploads\/2021\/12\/fhiypgkxeamf4eq.jpeg 1599w\" sizes=\"auto, (max-width: 300px) 100vw, 300px\" \/> <img loading=\"lazy\" decoding=\"async\" data-attachment-id=\"3011\" data-permalink=\"http:\/\/escuelademusicaydanza.laorotava.es\/blog\/alumnado-del-coro-infantil-de-primera-etapa-actua-en-el-portal-de-belen-municipal\/fhiypglxiaa_0ys\/\" data-orig-file=\"http:\/\/escuelademusicaydanza.laorotava.es\/blog\/wp-content\/uploads\/2021\/12\/fhiypglxiaa_0ys.jpeg\" data-orig-size=\"1599,1066\" data-comments-opened=\"1\" data-image-meta=\"{&quot;aperture&quot;:&quot;0&quot;,&quot;credit&quot;:&quot;&quot;,&quot;camera&quot;:&quot;&quot;,&quot;caption&quot;:&quot;&quot;,&quot;created_timestamp&quot;:&quot;0&quot;,&quot;copyright&quot;:&quot;&quot;,&quot;focal_length&quot;:&quot;0&quot;,&quot;iso&quot;:&quot;0&quot;,&quot;shutter_speed&quot;:&quot;0&quot;,&quot;title&quot;:&quot;&quot;,&quot;orientation&quot;:&quot;0&quot;}\" data-image-title=\"FHIYPglXIAA_0yS\" data-image-description=\"\" data-image-caption=\"\" data-medium-file=\"http:\/\/escuelademusicaydanza.laorotava.es\/blog\/wp-content\/uploads\/2021\/12\/fhiypglxiaa_0ys-300x200.jpeg\" data-large-file=\"http:\/\/escuelademusicaydanza.laorotava.es\/blog\/wp-content\/uploads\/2021\/12\/fhiypglxiaa_0ys-1024x683.jpeg\" class=\"size-medium wp-image-3011 alignright\" src=\"https:\/\/escuelademusicaydanza.laorotava.es\/blog\/wp-content\/uploads\/2021\/12\/fhiypglxiaa_0ys-300x200.jpeg\" alt=\"\" width=\"300\" height=\"200\" srcset=\"http:\/\/escuelademusicaydanza.laorotava.es\/blog\/wp-content\/uploads\/2021\/12\/fhiypglxiaa_0ys-300x200.jpeg 300w, http:\/\/escuelademusicaydanza.laorotava.es\/blog\/wp-content\/uploads\/2021\/12\/fhiypglxiaa_0ys-1024x683.jpeg 1024w, http:\/\/escuelademusicaydanza.laorotava.es\/blog\/wp-content\/uploads\/2021\/12\/fhiypglxiaa_0ys-768x512.jpeg 768w, http:\/\/escuelademusicaydanza.laorotava.es\/blog\/wp-content\/uploads\/2021\/12\/fhiypglxiaa_0ys-1536x1024.jpeg 1536w, http:\/\/escuelademusicaydanza.laorotava.es\/blog\/wp-content\/uploads\/2021\/12\/fhiypglxiaa_0ys-772x515.jpeg 772w, http:\/\/escuelademusicaydanza.laorotava.es\/blog\/wp-content\/uploads\/2021\/12\/fhiypglxiaa_0ys-624x416.jpeg 624w, http:\/\/escuelademusicaydanza.laorotava.es\/blog\/wp-content\/uploads\/2021\/12\/fhiypglxiaa_0ys.jpeg 1599w\" sizes=\"auto, (max-width: 300px) 100vw, 300px\" \/> <img loading=\"lazy\" decoding=\"async\" data-attachment-id=\"3010\" data-permalink=\"http:\/\/escuelademusicaydanza.laorotava.es\/blog\/alumnado-del-coro-infantil-de-primera-etapa-actua-en-el-portal-de-belen-municipal\/fhiytwmwuao_q8b-2\/\" data-orig-file=\"http:\/\/escuelademusicaydanza.laorotava.es\/blog\/wp-content\/uploads\/2021\/12\/fhiytwmwuao_q8b-1.jpeg\" data-orig-size=\"1599,1066\" data-comments-opened=\"1\" data-image-meta=\"{&quot;aperture&quot;:&quot;0&quot;,&quot;credit&quot;:&quot;&quot;,&quot;camera&quot;:&quot;&quot;,&quot;caption&quot;:&quot;&quot;,&quot;created_timestamp&quot;:&quot;0&quot;,&quot;copyright&quot;:&quot;&quot;,&quot;focal_length&quot;:&quot;0&quot;,&quot;iso&quot;:&quot;0&quot;,&quot;shutter_speed&quot;:&quot;0&quot;,&quot;title&quot;:&quot;&quot;,&quot;orientation&quot;:&quot;0&quot;}\" data-image-title=\"FHIYTwMWUAo_Q8B\" data-image-description=\"\" data-image-caption=\"\" data-medium-file=\"http:\/\/escuelademusicaydanza.laorotava.es\/blog\/wp-content\/uploads\/2021\/12\/fhiytwmwuao_q8b-1-300x200.jpeg\" data-large-file=\"http:\/\/escuelademusicaydanza.laorotava.es\/blog\/wp-content\/uploads\/2021\/12\/fhiytwmwuao_q8b-1-1024x683.jpeg\" class=\"size-medium wp-image-3010 alignleft\" src=\"https:\/\/escuelademusicaydanza.laorotava.es\/blog\/wp-content\/uploads\/2021\/12\/fhiytwmwuao_q8b-1-300x200.jpeg\" alt=\"\" width=\"300\" height=\"200\" srcset=\"http:\/\/escuelademusicaydanza.laorotava.es\/blog\/wp-content\/uploads\/2021\/12\/fhiytwmwuao_q8b-1-300x200.jpeg 300w, http:\/\/escuelademusicaydanza.laorotava.es\/blog\/wp-content\/uploads\/2021\/12\/fhiytwmwuao_q8b-1-1024x683.jpeg 1024w, http:\/\/escuelademusicaydanza.laorotava.es\/blog\/wp-content\/uploads\/2021\/12\/fhiytwmwuao_q8b-1-768x512.jpeg 768w, http:\/\/escuelademusicaydanza.laorotava.es\/blog\/wp-content\/uploads\/2021\/12\/fhiytwmwuao_q8b-1-1536x1024.jpeg 1536w, http:\/\/escuelademusicaydanza.laorotava.es\/blog\/wp-content\/uploads\/2021\/12\/fhiytwmwuao_q8b-1-772x515.jpeg 772w, http:\/\/escuelademusicaydanza.laorotava.es\/blog\/wp-content\/uploads\/2021\/12\/fhiytwmwuao_q8b-1-624x416.jpeg 624w, http:\/\/escuelademusicaydanza.laorotava.es\/blog\/wp-content\/uploads\/2021\/12\/fhiytwmwuao_q8b-1.jpeg 1599w\" sizes=\"auto, (max-width: 300px) 100vw, 300px\" \/> <img loading=\"lazy\" decoding=\"async\" data-attachment-id=\"3008\" data-permalink=\"http:\/\/escuelademusicaydanza.laorotava.es\/blog\/alumnado-del-coro-infantil-de-primera-etapa-actua-en-el-portal-de-belen-municipal\/fhiyt0axwauj1ip-2\/\" data-orig-file=\"http:\/\/escuelademusicaydanza.laorotava.es\/blog\/wp-content\/uploads\/2021\/12\/fhiyt0axwauj1ip-1.jpeg\" data-orig-size=\"1599,1066\" data-comments-opened=\"1\" data-image-meta=\"{&quot;aperture&quot;:&quot;0&quot;,&quot;credit&quot;:&quot;&quot;,&quot;camera&quot;:&quot;&quot;,&quot;caption&quot;:&quot;&quot;,&quot;created_timestamp&quot;:&quot;0&quot;,&quot;copyright&quot;:&quot;&quot;,&quot;focal_length&quot;:&quot;0&quot;,&quot;iso&quot;:&quot;0&quot;,&quot;shutter_speed&quot;:&quot;0&quot;,&quot;title&quot;:&quot;&quot;,&quot;orientation&quot;:&quot;0&quot;}\" data-image-title=\"FHIYT0AXwAUj1Ip\" data-image-description=\"\" data-image-caption=\"\" data-medium-file=\"http:\/\/escuelademusicaydanza.laorotava.es\/blog\/wp-content\/uploads\/2021\/12\/fhiyt0axwauj1ip-1-300x200.jpeg\" data-large-file=\"http:\/\/escuelademusicaydanza.laorotava.es\/blog\/wp-content\/uploads\/2021\/12\/fhiyt0axwauj1ip-1-1024x683.jpeg\" class=\"size-medium wp-image-3008 alignright\" src=\"https:\/\/escuelademusicaydanza.laorotava.es\/blog\/wp-content\/uploads\/2021\/12\/fhiyt0axwauj1ip-1-300x200.jpeg\" alt=\"\" width=\"300\" height=\"200\" srcset=\"http:\/\/escuelademusicaydanza.laorotava.es\/blog\/wp-content\/uploads\/2021\/12\/fhiyt0axwauj1ip-1-300x200.jpeg 300w, http:\/\/escuelademusicaydanza.laorotava.es\/blog\/wp-content\/uploads\/2021\/12\/fhiyt0axwauj1ip-1-1024x683.jpeg 1024w, http:\/\/escuelademusicaydanza.laorotava.es\/blog\/wp-content\/uploads\/2021\/12\/fhiyt0axwauj1ip-1-768x512.jpeg 768w, http:\/\/escuelademusicaydanza.laorotava.es\/blog\/wp-content\/uploads\/2021\/12\/fhiyt0axwauj1ip-1-1536x1024.jpeg 1536w, http:\/\/escuelademusicaydanza.laorotava.es\/blog\/wp-content\/uploads\/2021\/12\/fhiyt0axwauj1ip-1-772x515.jpeg 772w, http:\/\/escuelademusicaydanza.laorotava.es\/blog\/wp-content\/uploads\/2021\/12\/fhiyt0axwauj1ip-1-624x416.jpeg 624w, http:\/\/escuelademusicaydanza.laorotava.es\/blog\/wp-content\/uploads\/2021\/12\/fhiyt0axwauj1ip-1.jpeg 1599w\" sizes=\"auto, (max-width: 300px) 100vw, 300px\" \/> <img loading=\"lazy\" decoding=\"async\" data-attachment-id=\"3007\" data-permalink=\"http:\/\/escuelademusicaydanza.laorotava.es\/blog\/alumnado-del-coro-infantil-de-primera-etapa-actua-en-el-portal-de-belen-municipal\/fhiyt0xxwacw-fq-2\/\" data-orig-file=\"http:\/\/escuelademusicaydanza.laorotava.es\/blog\/wp-content\/uploads\/2021\/12\/fhiyt0xxwacw-fq-1.jpeg\" data-orig-size=\"1599,1066\" data-comments-opened=\"1\" data-image-meta=\"{&quot;aperture&quot;:&quot;0&quot;,&quot;credit&quot;:&quot;&quot;,&quot;camera&quot;:&quot;&quot;,&quot;caption&quot;:&quot;&quot;,&quot;created_timestamp&quot;:&quot;0&quot;,&quot;copyright&quot;:&quot;&quot;,&quot;focal_length&quot;:&quot;0&quot;,&quot;iso&quot;:&quot;0&quot;,&quot;shutter_speed&quot;:&quot;0&quot;,&quot;title&quot;:&quot;&quot;,&quot;orientation&quot;:&quot;0&quot;}\" data-image-title=\"FHIYT0XXwAcW-FQ\" data-image-description=\"\" data-image-caption=\"\" data-medium-file=\"http:\/\/escuelademusicaydanza.laorotava.es\/blog\/wp-content\/uploads\/2021\/12\/fhiyt0xxwacw-fq-1-300x200.jpeg\" data-large-file=\"http:\/\/escuelademusicaydanza.laorotava.es\/blog\/wp-content\/uploads\/2021\/12\/fhiyt0xxwacw-fq-1-1024x683.jpeg\" class=\"alignnone size-medium wp-image-3007 alignleft\" src=\"https:\/\/escuelademusicaydanza.laorotava.es\/blog\/wp-content\/uploads\/2021\/12\/fhiyt0xxwacw-fq-1-300x200.jpeg\" alt=\"\" width=\"300\" height=\"200\" srcset=\"http:\/\/escuelademusicaydanza.laorotava.es\/blog\/wp-content\/uploads\/2021\/12\/fhiyt0xxwacw-fq-1-300x200.jpeg 300w, http:\/\/escuelademusicaydanza.laorotava.es\/blog\/wp-content\/uploads\/2021\/12\/fhiyt0xxwacw-fq-1-1024x683.jpeg 1024w, http:\/\/escuelademusicaydanza.laorotava.es\/blog\/wp-content\/uploads\/2021\/12\/fhiyt0xxwacw-fq-1-768x512.jpeg 768w, http:\/\/escuelademusicaydanza.laorotava.es\/blog\/wp-content\/uploads\/2021\/12\/fhiyt0xxwacw-fq-1-1536x1024.jpeg 1536w, http:\/\/escuelademusicaydanza.laorotava.es\/blog\/wp-content\/uploads\/2021\/12\/fhiyt0xxwacw-fq-1-772x515.jpeg 772w, http:\/\/escuelademusicaydanza.laorotava.es\/blog\/wp-content\/uploads\/2021\/12\/fhiyt0xxwacw-fq-1-624x416.jpeg 624w, http:\/\/escuelademusicaydanza.laorotava.es\/blog\/wp-content\/uploads\/2021\/12\/fhiyt0xxwacw-fq-1.jpeg 1599w\" sizes=\"auto, (max-width: 300px) 100vw, 300px\" \/> <img loading=\"lazy\" decoding=\"async\" data-attachment-id=\"3004\" data-permalink=\"http:\/\/escuelademusicaydanza.laorotava.es\/blog\/alumnado-del-coro-infantil-de-primera-etapa-actua-en-el-portal-de-belen-municipal\/fhiytwmwuao_q8b\/\" data-orig-file=\"http:\/\/escuelademusicaydanza.laorotava.es\/blog\/wp-content\/uploads\/2021\/12\/fhiytwmwuao_q8b.jpeg\" data-orig-size=\"1599,1066\" data-comments-opened=\"1\" data-image-meta=\"{&quot;aperture&quot;:&quot;0&quot;,&quot;credit&quot;:&quot;&quot;,&quot;camera&quot;:&quot;&quot;,&quot;caption&quot;:&quot;&quot;,&quot;created_timestamp&quot;:&quot;0&quot;,&quot;copyright&quot;:&quot;&quot;,&quot;focal_length&quot;:&quot;0&quot;,&quot;iso&quot;:&quot;0&quot;,&quot;shutter_speed&quot;:&quot;0&quot;,&quot;title&quot;:&quot;&quot;,&quot;orientation&quot;:&quot;0&quot;}\" data-image-title=\"FHIYTwMWUAo_Q8B\" data-image-description=\"\" data-image-caption=\"\" data-medium-file=\"http:\/\/escuelademusicaydanza.laorotava.es\/blog\/wp-content\/uploads\/2021\/12\/fhiytwmwuao_q8b-300x200.jpeg\" data-large-file=\"http:\/\/escuelademusicaydanza.laorotava.es\/blog\/wp-content\/uploads\/2021\/12\/fhiytwmwuao_q8b-1024x683.jpeg\" class=\"alignnone size-medium wp-image-3004 alignleft\" src=\"https:\/\/escuelademusicaydanza.laorotava.es\/blog\/wp-content\/uploads\/2021\/12\/fhiytwmwuao_q8b-300x200.jpeg\" alt=\"\" width=\"300\" height=\"200\" srcset=\"http:\/\/escuelademusicaydanza.laorotava.es\/blog\/wp-content\/uploads\/2021\/12\/fhiytwmwuao_q8b-300x200.jpeg 300w, http:\/\/escuelademusicaydanza.laorotava.es\/blog\/wp-content\/uploads\/2021\/12\/fhiytwmwuao_q8b-1024x683.jpeg 1024w, http:\/\/escuelademusicaydanza.laorotava.es\/blog\/wp-content\/uploads\/2021\/12\/fhiytwmwuao_q8b-768x512.jpeg 768w, http:\/\/escuelademusicaydanza.laorotava.es\/blog\/wp-content\/uploads\/2021\/12\/fhiytwmwuao_q8b-1536x1024.jpeg 1536w, http:\/\/escuelademusicaydanza.laorotava.es\/blog\/wp-content\/uploads\/2021\/12\/fhiytwmwuao_q8b-772x515.jpeg 772w, http:\/\/escuelademusicaydanza.laorotava.es\/blog\/wp-content\/uploads\/2021\/12\/fhiytwmwuao_q8b-624x416.jpeg 624w, http:\/\/escuelademusicaydanza.laorotava.es\/blog\/wp-content\/uploads\/2021\/12\/fhiytwmwuao_q8b.jpeg 1599w\" sizes=\"auto, (max-width: 300px) 100vw, 300px\" \/> <img loading=\"lazy\" decoding=\"async\" data-attachment-id=\"3003\" data-permalink=\"http:\/\/escuelademusicaydanza.laorotava.es\/blog\/alumnado-del-coro-infantil-de-primera-etapa-actua-en-el-portal-de-belen-municipal\/fhiytxmxoauvyrf\/\" data-orig-file=\"http:\/\/escuelademusicaydanza.laorotava.es\/blog\/wp-content\/uploads\/2021\/12\/fhiytxmxoauvyrf.jpeg\" data-orig-size=\"1599,1066\" data-comments-opened=\"1\" data-image-meta=\"{&quot;aperture&quot;:&quot;0&quot;,&quot;credit&quot;:&quot;&quot;,&quot;camera&quot;:&quot;&quot;,&quot;caption&quot;:&quot;&quot;,&quot;created_timestamp&quot;:&quot;0&quot;,&quot;copyright&quot;:&quot;&quot;,&quot;focal_length&quot;:&quot;0&quot;,&quot;iso&quot;:&quot;0&quot;,&quot;shutter_speed&quot;:&quot;0&quot;,&quot;title&quot;:&quot;&quot;,&quot;orientation&quot;:&quot;0&quot;}\" data-image-title=\"FHIYTxmXoAUVYRF\" data-image-description=\"\" data-image-caption=\"\" data-medium-file=\"http:\/\/escuelademusicaydanza.laorotava.es\/blog\/wp-content\/uploads\/2021\/12\/fhiytxmxoauvyrf-300x200.jpeg\" data-large-file=\"http:\/\/escuelademusicaydanza.laorotava.es\/blog\/wp-content\/uploads\/2021\/12\/fhiytxmxoauvyrf-1024x683.jpeg\" class=\"size-medium wp-image-3003 alignright\" src=\"https:\/\/escuelademusicaydanza.laorotava.es\/blog\/wp-content\/uploads\/2021\/12\/fhiytxmxoauvyrf-300x200.jpeg\" alt=\"\" width=\"300\" height=\"200\" srcset=\"http:\/\/escuelademusicaydanza.laorotava.es\/blog\/wp-content\/uploads\/2021\/12\/fhiytxmxoauvyrf-300x200.jpeg 300w, http:\/\/escuelademusicaydanza.laorotava.es\/blog\/wp-content\/uploads\/2021\/12\/fhiytxmxoauvyrf-1024x683.jpeg 1024w, http:\/\/escuelademusicaydanza.laorotava.es\/blog\/wp-content\/uploads\/2021\/12\/fhiytxmxoauvyrf-768x512.jpeg 768w, http:\/\/escuelademusicaydanza.laorotava.es\/blog\/wp-content\/uploads\/2021\/12\/fhiytxmxoauvyrf-1536x1024.jpeg 1536w, http:\/\/escuelademusicaydanza.laorotava.es\/blog\/wp-content\/uploads\/2021\/12\/fhiytxmxoauvyrf-772x515.jpeg 772w, http:\/\/escuelademusicaydanza.laorotava.es\/blog\/wp-content\/uploads\/2021\/12\/fhiytxmxoauvyrf-624x416.jpeg 624w, http:\/\/escuelademusicaydanza.laorotava.es\/blog\/wp-content\/uploads\/2021\/12\/fhiytxmxoauvyrf.jpeg 1599w\" sizes=\"auto, (max-width: 300px) 100vw, 300px\" \/> <img loading=\"lazy\" decoding=\"async\" data-attachment-id=\"3002\" data-permalink=\"http:\/\/escuelademusicaydanza.laorotava.es\/blog\/alumnado-del-coro-infantil-de-primera-etapa-actua-en-el-portal-de-belen-municipal\/fhiyt0axwauj1ip\/\" data-orig-file=\"http:\/\/escuelademusicaydanza.laorotava.es\/blog\/wp-content\/uploads\/2021\/12\/fhiyt0axwauj1ip.jpeg\" data-orig-size=\"1599,1066\" data-comments-opened=\"1\" data-image-meta=\"{&quot;aperture&quot;:&quot;0&quot;,&quot;credit&quot;:&quot;&quot;,&quot;camera&quot;:&quot;&quot;,&quot;caption&quot;:&quot;&quot;,&quot;created_timestamp&quot;:&quot;0&quot;,&quot;copyright&quot;:&quot;&quot;,&quot;focal_length&quot;:&quot;0&quot;,&quot;iso&quot;:&quot;0&quot;,&quot;shutter_speed&quot;:&quot;0&quot;,&quot;title&quot;:&quot;&quot;,&quot;orientation&quot;:&quot;0&quot;}\" data-image-title=\"FHIYT0AXwAUj1Ip\" data-image-description=\"\" data-image-caption=\"\" data-medium-file=\"http:\/\/escuelademusicaydanza.laorotava.es\/blog\/wp-content\/uploads\/2021\/12\/fhiyt0axwauj1ip-300x200.jpeg\" data-large-file=\"http:\/\/escuelademusicaydanza.laorotava.es\/blog\/wp-content\/uploads\/2021\/12\/fhiyt0axwauj1ip-1024x683.jpeg\" class=\"alignnone size-medium wp-image-3002 alignleft\" src=\"https:\/\/escuelademusicaydanza.laorotava.es\/blog\/wp-content\/uploads\/2021\/12\/fhiyt0axwauj1ip-300x200.jpeg\" alt=\"\" width=\"300\" height=\"200\" srcset=\"http:\/\/escuelademusicaydanza.laorotava.es\/blog\/wp-content\/uploads\/2021\/12\/fhiyt0axwauj1ip-300x200.jpeg 300w, http:\/\/escuelademusicaydanza.laorotava.es\/blog\/wp-content\/uploads\/2021\/12\/fhiyt0axwauj1ip-1024x683.jpeg 1024w, http:\/\/escuelademusicaydanza.laorotava.es\/blog\/wp-content\/uploads\/2021\/12\/fhiyt0axwauj1ip-768x512.jpeg 768w, http:\/\/escuelademusicaydanza.laorotava.es\/blog\/wp-content\/uploads\/2021\/12\/fhiyt0axwauj1ip-1536x1024.jpeg 1536w, http:\/\/escuelademusicaydanza.laorotava.es\/blog\/wp-content\/uploads\/2021\/12\/fhiyt0axwauj1ip-772x515.jpeg 772w, http:\/\/escuelademusicaydanza.laorotava.es\/blog\/wp-content\/uploads\/2021\/12\/fhiyt0axwauj1ip-624x416.jpeg 624w, http:\/\/escuelademusicaydanza.laorotava.es\/blog\/wp-content\/uploads\/2021\/12\/fhiyt0axwauj1ip.jpeg 1599w\" sizes=\"auto, (max-width: 300px) 100vw, 300px\" \/> <img loading=\"lazy\" decoding=\"async\" data-attachment-id=\"3000\" data-permalink=\"http:\/\/escuelademusicaydanza.laorotava.es\/blog\/alumnado-del-coro-infantil-de-primera-etapa-actua-en-el-portal-de-belen-municipal\/fhiywl_wyayrqf5\/\" data-orig-file=\"http:\/\/escuelademusicaydanza.laorotava.es\/blog\/wp-content\/uploads\/2021\/12\/fhiywl_wyayrqf5.jpeg\" data-orig-size=\"1599,1066\" data-comments-opened=\"1\" data-image-meta=\"{&quot;aperture&quot;:&quot;0&quot;,&quot;credit&quot;:&quot;&quot;,&quot;camera&quot;:&quot;&quot;,&quot;caption&quot;:&quot;&quot;,&quot;created_timestamp&quot;:&quot;0&quot;,&quot;copyright&quot;:&quot;&quot;,&quot;focal_length&quot;:&quot;0&quot;,&quot;iso&quot;:&quot;0&quot;,&quot;shutter_speed&quot;:&quot;0&quot;,&quot;title&quot;:&quot;&quot;,&quot;orientation&quot;:&quot;0&quot;}\" data-image-title=\"FHIYWL_WYAYrQf5\" data-image-description=\"\" data-image-caption=\"\" data-medium-file=\"http:\/\/escuelademusicaydanza.laorotava.es\/blog\/wp-content\/uploads\/2021\/12\/fhiywl_wyayrqf5-300x200.jpeg\" data-large-file=\"http:\/\/escuelademusicaydanza.laorotava.es\/blog\/wp-content\/uploads\/2021\/12\/fhiywl_wyayrqf5-1024x683.jpeg\" class=\"size-medium wp-image-3000 alignright\" src=\"https:\/\/escuelademusicaydanza.laorotava.es\/blog\/wp-content\/uploads\/2021\/12\/fhiywl_wyayrqf5-300x200.jpeg\" alt=\"\" width=\"300\" height=\"200\" srcset=\"http:\/\/escuelademusicaydanza.laorotava.es\/blog\/wp-content\/uploads\/2021\/12\/fhiywl_wyayrqf5-300x200.jpeg 300w, http:\/\/escuelademusicaydanza.laorotava.es\/blog\/wp-content\/uploads\/2021\/12\/fhiywl_wyayrqf5-1024x683.jpeg 1024w, http:\/\/escuelademusicaydanza.laorotava.es\/blog\/wp-content\/uploads\/2021\/12\/fhiywl_wyayrqf5-768x512.jpeg 768w, http:\/\/escuelademusicaydanza.laorotava.es\/blog\/wp-content\/uploads\/2021\/12\/fhiywl_wyayrqf5-1536x1024.jpeg 1536w, http:\/\/escuelademusicaydanza.laorotava.es\/blog\/wp-content\/uploads\/2021\/12\/fhiywl_wyayrqf5-772x515.jpeg 772w, http:\/\/escuelademusicaydanza.laorotava.es\/blog\/wp-content\/uploads\/2021\/12\/fhiywl_wyayrqf5-624x416.jpeg 624w, http:\/\/escuelademusicaydanza.laorotava.es\/blog\/wp-content\/uploads\/2021\/12\/fhiywl_wyayrqf5.jpeg 1599w\" sizes=\"auto, (max-width: 300px) 100vw, 300px\" \/> <img loading=\"lazy\" decoding=\"async\" data-attachment-id=\"2999\" data-permalink=\"http:\/\/escuelademusicaydanza.laorotava.es\/blog\/alumnado-del-coro-infantil-de-primera-etapa-actua-en-el-portal-de-belen-municipal\/fhiywnnxmaaaevz\/\" data-orig-file=\"http:\/\/escuelademusicaydanza.laorotava.es\/blog\/wp-content\/uploads\/2021\/12\/fhiywnnxmaaaevz.jpeg\" data-orig-size=\"1599,1066\" data-comments-opened=\"1\" data-image-meta=\"{&quot;aperture&quot;:&quot;0&quot;,&quot;credit&quot;:&quot;&quot;,&quot;camera&quot;:&quot;&quot;,&quot;caption&quot;:&quot;&quot;,&quot;created_timestamp&quot;:&quot;0&quot;,&quot;copyright&quot;:&quot;&quot;,&quot;focal_length&quot;:&quot;0&quot;,&quot;iso&quot;:&quot;0&quot;,&quot;shutter_speed&quot;:&quot;0&quot;,&quot;title&quot;:&quot;&quot;,&quot;orientation&quot;:&quot;0&quot;}\" data-image-title=\"FHIYWNNXMAAaEvz\" data-image-description=\"\" data-image-caption=\"\" data-medium-file=\"http:\/\/escuelademusicaydanza.laorotava.es\/blog\/wp-content\/uploads\/2021\/12\/fhiywnnxmaaaevz-300x200.jpeg\" data-large-file=\"http:\/\/escuelademusicaydanza.laorotava.es\/blog\/wp-content\/uploads\/2021\/12\/fhiywnnxmaaaevz-1024x683.jpeg\" class=\"size-medium wp-image-2999 aligncenter\" src=\"https:\/\/escuelademusicaydanza.laorotava.es\/blog\/wp-content\/uploads\/2021\/12\/fhiywnnxmaaaevz-300x200.jpeg\" alt=\"\" width=\"300\" height=\"200\" srcset=\"http:\/\/escuelademusicaydanza.laorotava.es\/blog\/wp-content\/uploads\/2021\/12\/fhiywnnxmaaaevz-300x200.jpeg 300w, http:\/\/escuelademusicaydanza.laorotava.es\/blog\/wp-content\/uploads\/2021\/12\/fhiywnnxmaaaevz-1024x683.jpeg 1024w, http:\/\/escuelademusicaydanza.laorotava.es\/blog\/wp-content\/uploads\/2021\/12\/fhiywnnxmaaaevz-768x512.jpeg 768w, http:\/\/escuelademusicaydanza.laorotava.es\/blog\/wp-content\/uploads\/2021\/12\/fhiywnnxmaaaevz-1536x1024.jpeg 1536w, http:\/\/escuelademusicaydanza.laorotava.es\/blog\/wp-content\/uploads\/2021\/12\/fhiywnnxmaaaevz-772x515.jpeg 772w, http:\/\/escuelademusicaydanza.laorotava.es\/blog\/wp-content\/uploads\/2021\/12\/fhiywnnxmaaaevz-624x416.jpeg 624w, http:\/\/escuelademusicaydanza.laorotava.es\/blog\/wp-content\/uploads\/2021\/12\/fhiywnnxmaaaevz.jpeg 1599w\" sizes=\"auto, (max-width: 300px) 100vw, 300px\" \/><\/p>\n","protected":false},"excerpt":{"rendered":"<p>El alumnado de la Escuela Municipal de M\u00fasica y Danza Villa de La Orotava actu\u00f3 en el Portal de Bel\u00e9n Municipal, el lunes 20 de diciembre, ofreciendo un repertorio en el que se incluyeron varias canciones navide\u00f1as.<\/p>\n","protected":false},"author":14,"featured_media":0,"comment_status":"open","ping_status":"open","sticky":false,"template":"","format":"standard","meta":{"jetpack_post_was_ever_published":false,"_jetpack_newsletter_access":"","_jetpack_dont_email_post_to_subs":false,"_jetpack_newsletter_tier_id":0,"_jetpack_memberships_contains_paywalled_content":false,"_jetpack_memberships_contains_paid_content":false,"footnotes":"","jetpack_publicize_message":"","jetpack_publicize_feature_enabled":true,"jetpack_social_post_already_shared":true,"jetpack_social_options":{"image_generator_settings":{"template":"highway","default_image_id":0,"font":"","enabled":false},"version":2}},"categories":[14],"tags":[],"class_list":["post-2997","post","type-post","status-publish","format-standard","hentry","category-documentacion"],"jetpack_publicize_connections":[],"jetpack_featured_media_url":"","jetpack_sharing_enabled":true,"jetpack_likes_enabled":true,"jetpack-related-posts":[],"_links":{"self":[{"href":"http:\/\/escuelademusicaydanza.laorotava.es\/blog\/wp-json\/wp\/v2\/posts\/2997","targetHints":{"allow":["GET"]}}],"collection":[{"href":"http:\/\/escuelademusicaydanza.laorotava.es\/blog\/wp-json\/wp\/v2\/posts"}],"about":[{"href":"http:\/\/escuelademusicaydanza.laorotava.es\/blog\/wp-json\/wp\/v2\/types\/post"}],"author":[{"embeddable":true,"href":"http:\/\/escuelademusicaydanza.laorotava.es\/blog\/wp-json\/wp\/v2\/users\/14"}],"replies":[{"embeddable":true,"href":"http:\/\/escuelademusicaydanza.laorotava.es\/blog\/wp-json\/wp\/v2\/comments?post=2997"}],"version-history":[{"count":3,"href":"http:\/\/escuelademusicaydanza.laorotava.es\/blog\/wp-json\/wp\/v2\/posts\/2997\/revisions"}],"predecessor-version":[{"id":3016,"href":"http:\/\/escuelademusicaydanza.laorotava.es\/blog\/wp-json\/wp\/v2\/posts\/2997\/revisions\/3016"}],"wp:attachment":[{"href":"http:\/\/escuelademusicaydanza.laorotava.es\/blog\/wp-json\/wp\/v2\/media?parent=2997"}],"wp:term":[{"taxonomy":"category","embeddable":true,"href":"http:\/\/escuelademusicaydanza.laorotava.es\/blog\/wp-json\/wp\/v2\/categories?post=2997"},{"taxonomy":"post_tag","embeddable":true,"href":"http:\/\/escuelademusicaydanza.laorotava.es\/blog\/wp-json\/wp\/v2\/tags?post=2997"}],"curies":[{"name":"wp","href":"https:\/\/api.w.org\/{rel}","templated":true}]}}